{"id":22661,"date":"2023-04-17T18:09:28","date_gmt":"2023-04-17T16:09:28","guid":{"rendered":"https:\/\/creativasgalegas.gal\/conociendo-a-quenindiola\/"},"modified":"2025-10-15T14:30:07","modified_gmt":"2025-10-15T12:30:07","slug":"conociendo-a-quenindiola","status":"publish","type":"post","link":"https:\/\/creativasgalegas.gal\/es\/conociendo-a-quenindiola\/","title":{"rendered":"Conociendo a Quenindiola"},"content":{"rendered":"\n<figure class=\"wp-block-embed is-type-video is-provider-youtube wp-block-embed-youtube wp-embed-aspect-16-9 wp-has-aspect-ratio\"><div class=\"wp-block-embed__wrapper\">\n<iframe loading=\"lazy\" title=\"As marcas do colectivo_Quenindiola\" width=\"1200\" height=\"675\" src=\"https:\/\/www.youtube.com\/embed\/28Nkn6Tkt08?feature=oembed\" frameborder=\"0\" allow=\"accelerometer; autoplay; clipboard-write; encrypted-media; gyroscope; picture-in-picture; web-share\" referrerpolicy=\"strict-origin-when-cross-origin\" allowfullscreen><\/iframe>\n<\/div><\/figure>\n\n<p><\/p>\n\n<p>Marcos Garc\u00eda<\/p>\n\n<p>Arte y artesan\u00eda inspirada en Galicia. <\/p>\n\n<p>Marcos, Yago e Isabel, son los creadores de esta marca santiaguesa <a href=\"https:\/\/www.youtube.com\/hashtag\/fresca\">#fresca<\/a>, <a href=\"https:\/\/www.youtube.com\/hashtag\/elegante\">#elegante<\/a> y <a href=\"https:\/\/www.youtube.com\/hashtag\/divertida\">#divertida<\/a>. Con un estilo gr\u00e1fico basado en las formas bidimensionales del rom\u00e1nico gallego y cuatro colores identificativos (azul, rojo, blanco y negro), elaboran estos dise\u00f1os que versan sobre nuestra cultura, historia y patrimonio. <\/p>\n\n<p>Obras de arte en formato peque\u00f1o, estampadas sobre materiales como madera, tela, que se caracterizan por estar quenindiola! <\/p>\n\n<p class=\"wp-embed-aspect-16-9 wp-has-aspect-ratio\">Web: <a href=\"https:\/\/www.youtube.com\/redirect?event=video_description&amp;redir_token=QUFFLUhqa244ZFNEWWlBd0ktWTlFRFpTR00xLS1tRDlRUXxBQ3Jtc0ttelFCeTRKamhUSDZlX0pDWWJkSmpyX1NuN1V0dTdFNWtUTllRZ3UtVll5bUkzVzg5a09TQ2FvbDlTdG1aeXV3RVZzWHpHVUFxVVFuR1hCdFgzX3pIQWl0NWM1UWRmUGZuYnZ5RG5zdFl3TzVEcWJ3Zw&amp;q=http%3A%2F%2Fquenindiola.com%2Fes%2F&amp;v=28Nkn6Tkt08\" target=\"_blank\" rel=\"noreferrer noopener\">http:\/\/quenindiola.com\/es\/<\/a> <\/p>\n\n<p class=\"wp-embed-aspect-16-9 wp-has-aspect-ratio\">Facebook: <a href=\"https:\/\/www.youtube.com\/redirect?event=video_description&amp;redir_token=QUFFLUhqbTBXM0xka3dFd0lKLW0yWXUwaVIzUkFGY01Cd3xBQ3Jtc0tsVFBLTnlTV2FyT0REVEpTbEFUMG9mSFJKUjd6clliTENXRHktdjdxOVlzbHN1VGl2cVNPUnV6S2FWTGpMYUJWQjBNXy03SnlxUDhsSmRUTnV0U2s3QkotOXU5SnRoU0NoZ1ZHb0ZlaEpZMTNaa0pRWQ&amp;q=https%3A%2F%2Fwww.facebook.com%2FQuenindiola%2F&amp;v=28Nkn6Tkt08\" target=\"_blank\" rel=\"noreferrer noopener\">https:\/\/www.facebook.com\/Quenindiola\/<\/a> <\/p>\n\n<p class=\"wp-embed-aspect-16-9 wp-has-aspect-ratio\">Instagram: <a href=\"https:\/\/www.youtube.com\/redirect?event=video_description&amp;redir_token=QUFFLUhqbi1rMUpnajAzV0tzb2JXUGFpTlZNa2R4UndBQXxBQ3Jtc0ttN3ZKc281Wno1WVkzYlY4YktYT016QU12TTVuS0hRNlg5eE05QkhtV1diMVRtZWdEVHhjZ0F1RW5ZaXhHVmhyZjNqVEFjal8yWmZJQXZVMU5OY0tMWjBjQjlXbDB1VXNBM0RFZ05qX0ZwTWxZQ1RPcw&amp;q=https%3A%2F%2Fwww.instagram.com%2Fquenindiola%2F%3Fhl%3Des&amp;v=28Nkn6Tkt08\" target=\"_blank\" rel=\"noreferrer noopener\">https:\/\/www.instagram.com\/quenindiola&#8230;<\/a><\/p>\n\n<p><a href=\"https:\/\/www.youtube.com\/hashtag\/elegante\">#elegante<\/a> <a href=\"https:\/\/www.youtube.com\/hashtag\/divertida\">#divertida<\/a> <a href=\"https:\/\/www.youtube.com\/hashtag\/fresca\">#fresca<\/a><\/p>\n","protected":false},"excerpt":{"rendered":"<p>Marcos Garc\u00eda Arte y artesan\u00eda inspirada en Galicia. Marcos, Yago e Isabel, son los creadores de esta marca santiaguesa #fresca, #elegante y #divertida. Con un estilo gr\u00e1fico basado en las formas bidimensionales del rom\u00e1nico gallego y cuatro colores identificativos (azul, rojo, blanco y negro), elaboran estos dise\u00f1os que versan sobre nuestra cultura, historia y patrimonio. &#8230; <a title=\"Conociendo a Quenindiola\" class=\"read-more\" href=\"https:\/\/creativasgalegas.gal\/es\/conociendo-a-quenindiola\/\" aria-label=\"Leer m\u00e1s sobre Conociendo a Quenindiola\">Leer m\u00e1s<\/a><\/p>\n","protected":false},"author":2,"featured_media":22663,"comment_status":"open","ping_status":"open","sticky":false,"template":"","format":"standard","meta":{"inline_featured_image":false,"footnotes":""},"categories":[528],"tags":[],"class_list":["post-22661","post","type-post","status-publish","format-standard","has-post-thumbnail","hentry","category-sin-categoria"],"acf":[],"yoast_head":"<!-- This site is optimized with the Yoast SEO plugin v22.1 - https:\/\/yoast.com\/wordpress\/plugins\/seo\/ -->\n<title>Conociendo a Quenindiola - Creativas Galegas<\/title>\n<meta name=\"robots\" content=\"index, follow, max-snippet:-1, max-image-preview:large, max-video-preview:-1\" \/>\n<link rel=\"canonical\" href=\"https:\/\/creativasgalegas.gal\/es\/conociendo-a-quenindiola\/\" \/>\n<meta property=\"og:locale\" content=\"es_ES\" \/>\n<meta property=\"og:type\" content=\"article\" \/>\n<meta property=\"og:title\" content=\"Conociendo a Quenindiola - Creativas Galegas\" \/>\n<meta property=\"og:description\" content=\"Marcos Garc\u00eda Arte y artesan\u00eda inspirada en Galicia. Marcos, Yago e Isabel, son los creadores de esta marca santiaguesa #fresca, #elegante y #divertida. Con un estilo gr\u00e1fico basado en las formas bidimensionales del rom\u00e1nico gallego y cuatro colores identificativos (azul, rojo, blanco y negro), elaboran estos dise\u00f1os que versan sobre nuestra cultura, historia y patrimonio. ... Leer m\u00e1s\" \/>\n<meta property=\"og:url\" content=\"https:\/\/creativasgalegas.gal\/es\/conociendo-a-quenindiola\/\" \/>\n<meta property=\"og:site_name\" content=\"Creativas Galegas\" \/>\n<meta property=\"article:published_time\" content=\"2023-04-17T16:09:28+00:00\" \/>\n<meta property=\"article:modified_time\" content=\"2025-10-15T12:30:07+00:00\" \/>\n<meta property=\"og:image\" content=\"https:\/\/creativasgalegas.gal\/wp-content\/uploads\/2023\/04\/Cartel_Axenda.jpg-8.png\" \/>\n\t<meta property=\"og:image:width\" content=\"600\" \/>\n\t<meta property=\"og:image:height\" content=\"600\" \/>\n\t<meta property=\"og:image:type\" content=\"image\/png\" \/>\n<meta name=\"author\" content=\"Creativas Galegas\" \/>\n<meta name=\"twitter:card\" content=\"summary_large_image\" \/>\n<meta name=\"twitter:label1\" content=\"Escrito por\" \/>\n\t<meta name=\"twitter:data1\" content=\"Creativas Galegas\" \/>\n\t<meta name=\"twitter:label2\" content=\"Tiempo de lectura\" \/>\n\t<meta name=\"twitter:data2\" content=\"1 minuto\" \/>\n<script type=\"application\/ld+json\" class=\"yoast-schema-graph\">{\"@context\":\"https:\/\/schema.org\",\"@graph\":[{\"@type\":\"Article\",\"@id\":\"https:\/\/creativasgalegas.gal\/es\/conociendo-a-quenindiola\/#article\",\"isPartOf\":{\"@id\":\"https:\/\/creativasgalegas.gal\/es\/conociendo-a-quenindiola\/\"},\"author\":{\"name\":\"Creativas Galegas\",\"@id\":\"https:\/\/creativasgalegas.gal\/es\/#\/schema\/person\/cefde5c7beb63f8b0cd3be8800adbef6\"},\"headline\":\"Conociendo a Quenindiola\",\"datePublished\":\"2023-04-17T16:09:28+00:00\",\"dateModified\":\"2025-10-15T12:30:07+00:00\",\"mainEntityOfPage\":{\"@id\":\"https:\/\/creativasgalegas.gal\/es\/conociendo-a-quenindiola\/\"},\"wordCount\":110,\"commentCount\":0,\"publisher\":{\"@id\":\"https:\/\/creativasgalegas.gal\/es\/#organization\"},\"inLanguage\":\"es\",\"potentialAction\":[{\"@type\":\"CommentAction\",\"name\":\"Comment\",\"target\":[\"https:\/\/creativasgalegas.gal\/es\/conociendo-a-quenindiola\/#respond\"]}]},{\"@type\":\"WebPage\",\"@id\":\"https:\/\/creativasgalegas.gal\/es\/conociendo-a-quenindiola\/\",\"url\":\"https:\/\/creativasgalegas.gal\/es\/conociendo-a-quenindiola\/\",\"name\":\"Conociendo a Quenindiola - Creativas Galegas\",\"isPartOf\":{\"@id\":\"https:\/\/creativasgalegas.gal\/es\/#website\"},\"datePublished\":\"2023-04-17T16:09:28+00:00\",\"dateModified\":\"2025-10-15T12:30:07+00:00\",\"breadcrumb\":{\"@id\":\"https:\/\/creativasgalegas.gal\/es\/conociendo-a-quenindiola\/#breadcrumb\"},\"inLanguage\":\"es\",\"potentialAction\":[{\"@type\":\"ReadAction\",\"target\":[\"https:\/\/creativasgalegas.gal\/es\/conociendo-a-quenindiola\/\"]}]},{\"@type\":\"BreadcrumbList\",\"@id\":\"https:\/\/creativasgalegas.gal\/es\/conociendo-a-quenindiola\/#breadcrumb\",\"itemListElement\":[{\"@type\":\"ListItem\",\"position\":1,\"name\":\"Portada\",\"item\":\"https:\/\/creativasgalegas.gal\/es\/\"},{\"@type\":\"ListItem\",\"position\":2,\"name\":\"Conociendo a Quenindiola\"}]},{\"@type\":\"WebSite\",\"@id\":\"https:\/\/creativasgalegas.gal\/es\/#website\",\"url\":\"https:\/\/creativasgalegas.gal\/es\/\",\"name\":\"Creativas Galegas\",\"description\":\"Asociaci\u00f3n de creativas e artes\u00e1ns | Mercado da creatividade\",\"publisher\":{\"@id\":\"https:\/\/creativasgalegas.gal\/es\/#organization\"},\"potentialAction\":[{\"@type\":\"SearchAction\",\"target\":{\"@type\":\"EntryPoint\",\"urlTemplate\":\"https:\/\/creativasgalegas.gal\/es\/?s={search_term_string}\"},\"query-input\":\"required name=search_term_string\"}],\"inLanguage\":\"es\"},{\"@type\":\"Organization\",\"@id\":\"https:\/\/creativasgalegas.gal\/es\/#organization\",\"name\":\"Creativas Galegas\",\"url\":\"https:\/\/creativasgalegas.gal\/es\/\",\"logo\":{\"@type\":\"ImageObject\",\"inLanguage\":\"es\",\"@id\":\"https:\/\/creativasgalegas.gal\/es\/#\/schema\/logo\/image\/\",\"url\":\"https:\/\/creativasgalegas.gal\/wp-content\/uploads\/2023\/12\/Creativas_Galegas_Logotipo_hor_esl_Positivo.svg\",\"contentUrl\":\"https:\/\/creativasgalegas.gal\/wp-content\/uploads\/2023\/12\/Creativas_Galegas_Logotipo_hor_esl_Positivo.svg\",\"caption\":\"Creativas Galegas\"},\"image\":{\"@id\":\"https:\/\/creativasgalegas.gal\/es\/#\/schema\/logo\/image\/\"}},{\"@type\":\"Person\",\"@id\":\"https:\/\/creativasgalegas.gal\/es\/#\/schema\/person\/cefde5c7beb63f8b0cd3be8800adbef6\",\"name\":\"Creativas Galegas\",\"image\":{\"@type\":\"ImageObject\",\"inLanguage\":\"es\",\"@id\":\"https:\/\/creativasgalegas.gal\/es\/#\/schema\/person\/image\/\",\"url\":\"https:\/\/secure.gravatar.com\/avatar\/63b5c6c692dc33ef362d3098bbdab8b6fdc78d04a048e4658ed35f2cfb9f1a19?s=96&d=mm&r=g\",\"contentUrl\":\"https:\/\/secure.gravatar.com\/avatar\/63b5c6c692dc33ef362d3098bbdab8b6fdc78d04a048e4658ed35f2cfb9f1a19?s=96&d=mm&r=g\",\"caption\":\"Creativas Galegas\"},\"url\":\"https:\/\/creativasgalegas.gal\/es\/author\/gesweb\/\"}]}<\/script>\n<!-- \/ Yoast SEO plugin. -->","yoast_head_json":{"title":"Conociendo a Quenindiola - Creativas Galegas","robots":{"index":"index","follow":"follow","max-snippet":"max-snippet:-1","max-image-preview":"max-image-preview:large","max-video-preview":"max-video-preview:-1"},"canonical":"https:\/\/creativasgalegas.gal\/es\/conociendo-a-quenindiola\/","og_locale":"es_ES","og_type":"article","og_title":"Conociendo a Quenindiola - Creativas Galegas","og_description":"Marcos Garc\u00eda Arte y artesan\u00eda inspirada en Galicia. Marcos, Yago e Isabel, son los creadores de esta marca santiaguesa #fresca, #elegante y #divertida. Con un estilo gr\u00e1fico basado en las formas bidimensionales del rom\u00e1nico gallego y cuatro colores identificativos (azul, rojo, blanco y negro), elaboran estos dise\u00f1os que versan sobre nuestra cultura, historia y patrimonio. ... Leer m\u00e1s","og_url":"https:\/\/creativasgalegas.gal\/es\/conociendo-a-quenindiola\/","og_site_name":"Creativas Galegas","article_published_time":"2023-04-17T16:09:28+00:00","article_modified_time":"2025-10-15T12:30:07+00:00","og_image":[{"width":600,"height":600,"url":"https:\/\/creativasgalegas.gal\/wp-content\/uploads\/2023\/04\/Cartel_Axenda.jpg-8.png","type":"image\/png"}],"author":"Creativas Galegas","twitter_card":"summary_large_image","twitter_misc":{"Escrito por":"Creativas Galegas","Tiempo de lectura":"1 minuto"},"schema":{"@context":"https:\/\/schema.org","@graph":[{"@type":"Article","@id":"https:\/\/creativasgalegas.gal\/es\/conociendo-a-quenindiola\/#article","isPartOf":{"@id":"https:\/\/creativasgalegas.gal\/es\/conociendo-a-quenindiola\/"},"author":{"name":"Creativas Galegas","@id":"https:\/\/creativasgalegas.gal\/es\/#\/schema\/person\/cefde5c7beb63f8b0cd3be8800adbef6"},"headline":"Conociendo a Quenindiola","datePublished":"2023-04-17T16:09:28+00:00","dateModified":"2025-10-15T12:30:07+00:00","mainEntityOfPage":{"@id":"https:\/\/creativasgalegas.gal\/es\/conociendo-a-quenindiola\/"},"wordCount":110,"commentCount":0,"publisher":{"@id":"https:\/\/creativasgalegas.gal\/es\/#organization"},"inLanguage":"es","potentialAction":[{"@type":"CommentAction","name":"Comment","target":["https:\/\/creativasgalegas.gal\/es\/conociendo-a-quenindiola\/#respond"]}]},{"@type":"WebPage","@id":"https:\/\/creativasgalegas.gal\/es\/conociendo-a-quenindiola\/","url":"https:\/\/creativasgalegas.gal\/es\/conociendo-a-quenindiola\/","name":"Conociendo a Quenindiola - Creativas Galegas","isPartOf":{"@id":"https:\/\/creativasgalegas.gal\/es\/#website"},"datePublished":"2023-04-17T16:09:28+00:00","dateModified":"2025-10-15T12:30:07+00:00","breadcrumb":{"@id":"https:\/\/creativasgalegas.gal\/es\/conociendo-a-quenindiola\/#breadcrumb"},"inLanguage":"es","potentialAction":[{"@type":"ReadAction","target":["https:\/\/creativasgalegas.gal\/es\/conociendo-a-quenindiola\/"]}]},{"@type":"BreadcrumbList","@id":"https:\/\/creativasgalegas.gal\/es\/conociendo-a-quenindiola\/#breadcrumb","itemListElement":[{"@type":"ListItem","position":1,"name":"Portada","item":"https:\/\/creativasgalegas.gal\/es\/"},{"@type":"ListItem","position":2,"name":"Conociendo a Quenindiola"}]},{"@type":"WebSite","@id":"https:\/\/creativasgalegas.gal\/es\/#website","url":"https:\/\/creativasgalegas.gal\/es\/","name":"Creativas Galegas","description":"Asociaci\u00f3n de creativas e artes\u00e1ns | Mercado da creatividade","publisher":{"@id":"https:\/\/creativasgalegas.gal\/es\/#organization"},"potentialAction":[{"@type":"SearchAction","target":{"@type":"EntryPoint","urlTemplate":"https:\/\/creativasgalegas.gal\/es\/?s={search_term_string}"},"query-input":"required name=search_term_string"}],"inLanguage":"es"},{"@type":"Organization","@id":"https:\/\/creativasgalegas.gal\/es\/#organization","name":"Creativas Galegas","url":"https:\/\/creativasgalegas.gal\/es\/","logo":{"@type":"ImageObject","inLanguage":"es","@id":"https:\/\/creativasgalegas.gal\/es\/#\/schema\/logo\/image\/","url":"https:\/\/creativasgalegas.gal\/wp-content\/uploads\/2023\/12\/Creativas_Galegas_Logotipo_hor_esl_Positivo.svg","contentUrl":"https:\/\/creativasgalegas.gal\/wp-content\/uploads\/2023\/12\/Creativas_Galegas_Logotipo_hor_esl_Positivo.svg","caption":"Creativas Galegas"},"image":{"@id":"https:\/\/creativasgalegas.gal\/es\/#\/schema\/logo\/image\/"}},{"@type":"Person","@id":"https:\/\/creativasgalegas.gal\/es\/#\/schema\/person\/cefde5c7beb63f8b0cd3be8800adbef6","name":"Creativas Galegas","image":{"@type":"ImageObject","inLanguage":"es","@id":"https:\/\/creativasgalegas.gal\/es\/#\/schema\/person\/image\/","url":"https:\/\/secure.gravatar.com\/avatar\/63b5c6c692dc33ef362d3098bbdab8b6fdc78d04a048e4658ed35f2cfb9f1a19?s=96&d=mm&r=g","contentUrl":"https:\/\/secure.gravatar.com\/avatar\/63b5c6c692dc33ef362d3098bbdab8b6fdc78d04a048e4658ed35f2cfb9f1a19?s=96&d=mm&r=g","caption":"Creativas Galegas"},"url":"https:\/\/creativasgalegas.gal\/es\/author\/gesweb\/"}]}},"_links":{"self":[{"href":"https:\/\/creativasgalegas.gal\/es\/wp-json\/wp\/v2\/posts\/22661","targetHints":{"allow":["GET"]}}],"collection":[{"href":"https:\/\/creativasgalegas.gal\/es\/wp-json\/wp\/v2\/posts"}],"about":[{"href":"https:\/\/creativasgalegas.gal\/es\/wp-json\/wp\/v2\/types\/post"}],"author":[{"embeddable":true,"href":"https:\/\/creativasgalegas.gal\/es\/wp-json\/wp\/v2\/users\/2"}],"replies":[{"embeddable":true,"href":"https:\/\/creativasgalegas.gal\/es\/wp-json\/wp\/v2\/comments?post=22661"}],"version-history":[{"count":1,"href":"https:\/\/creativasgalegas.gal\/es\/wp-json\/wp\/v2\/posts\/22661\/revisions"}],"predecessor-version":[{"id":22664,"href":"https:\/\/creativasgalegas.gal\/es\/wp-json\/wp\/v2\/posts\/22661\/revisions\/22664"}],"wp:featuredmedia":[{"embeddable":true,"href":"https:\/\/creativasgalegas.gal\/es\/wp-json\/wp\/v2\/media\/22663"}],"wp:attachment":[{"href":"https:\/\/creativasgalegas.gal\/es\/wp-json\/wp\/v2\/media?parent=22661"}],"wp:term":[{"taxonomy":"category","embeddable":true,"href":"https:\/\/creativasgalegas.gal\/es\/wp-json\/wp\/v2\/categories?post=22661"},{"taxonomy":"post_tag","embeddable":true,"href":"https:\/\/creativasgalegas.gal\/es\/wp-json\/wp\/v2\/tags?post=22661"}],"curies":[{"name":"wp","href":"https:\/\/api.w.org\/{rel}","templated":true}]}}